{"id":165,"date":"2025-11-17T11:22:11","date_gmt":"2025-11-17T10:22:11","guid":{"rendered":"https:\/\/musikverein-1966-auerbach.de\/?p=165"},"modified":"2025-11-17T11:22:11","modified_gmt":"2025-11-17T10:22:11","slug":"einladung-zum-totensonntag","status":"publish","type":"post","link":"https:\/\/musikverein-1966-auerbach.de\/?p=165","title":{"rendered":"Einladung zum Totensonntag"},"content":{"rendered":"\n<p>Am Totensonntag wird der Musikverein 1966 Auerbach im Rahmen einer Andacht seiner verstorbenen Mitglieder gedenken und dabei insbesondere jener, die im vergangenen Jahr von uns gegangen sind.<\/p>\n\n\n\n<p>Die Gedenkfeier findet am Sonntag, 23. November 2025 um. 11:15 Uhr in der Aussegnungshalle Auerbach statt.<\/p>\n\n\n\n<figure class=\"wp-block-image size-full\"><img loading=\"lazy\" decoding=\"async\" width=\"850\" height=\"716\" src=\"https:\/\/musikverein-1966-auerbach.de\/wp-content\/uploads\/2025\/11\/tn2__ecics_45021_56952_850_567.jpg\" alt=\"\" class=\"wp-image-166\" srcset=\"https:\/\/musikverein-1966-auerbach.de\/wp-content\/uploads\/2025\/11\/tn2__ecics_45021_56952_850_567.jpg 850w, https:\/\/musikverein-1966-auerbach.de\/wp-content\/uploads\/2025\/11\/tn2__ecics_45021_56952_850_567-300x253.jpg 300w, https:\/\/musikverein-1966-auerbach.de\/wp-content\/uploads\/2025\/11\/tn2__ecics_45021_56952_850_567-768x647.jpg 768w\" sizes=\"auto, (max-width: 850px) 100vw, 850px\" \/><\/figure>\n\n\n\n<p>Wir m\u00f6chten damit all jenen danken, die unseren Verein durch ihr Wirken, ihre Freundschaft und ihre Treue gepr\u00e4gt haben. In stiller Erinnerung halten wir sie in unseren Gedanken und in unserer Musik lebendig.<\/p>\n\n\n\n<p>Die Angeh\u00f6rigen sowie alle interessierten Mitb\u00fcrgerinnen und Mitb\u00fcrger sind herzlich eingeladen, gemeinsam mit uns innezuhalten und den Verstorbenen zu gedenken.<\/p>\n","protected":false},"excerpt":{"rendered":"<p>Am Totensonntag wird der Musikverein 1966 Auerbach im Rahmen einer Andacht seiner verstorbenen Mitglieder gedenken und dabei insbesondere jener, die im vergangenen Jahr von uns gegangen sind. Die Gedenkfeier findet am Sonntag, 23. November 2025 um. 11:15 Uhr in der Aussegnungshalle Auerbach statt. Wir m\u00f6chten damit all jenen danken, die unseren Verein durch ihr Wirken, [&hellip;]<\/p>\n","protected":false},"author":1,"featured_media":0,"comment_status":"open","ping_status":"open","sticky":false,"template":"","format":"standard","meta":{"footnotes":""},"categories":[5,4],"tags":[],"class_list":{"0":"post-165","1":"post","2":"type-post","3":"status-publish","4":"format-standard","6":"category-aktuelles","7":"category-orchester","8":"czr-hentry"},"_links":{"self":[{"href":"https:\/\/musikverein-1966-auerbach.de\/index.php?rest_route=\/wp\/v2\/posts\/165","targetHints":{"allow":["GET"]}}],"collection":[{"href":"https:\/\/musikverein-1966-auerbach.de\/index.php?rest_route=\/wp\/v2\/posts"}],"about":[{"href":"https:\/\/musikverein-1966-auerbach.de\/index.php?rest_route=\/wp\/v2\/types\/post"}],"author":[{"embeddable":true,"href":"https:\/\/musikverein-1966-auerbach.de\/index.php?rest_route=\/wp\/v2\/users\/1"}],"replies":[{"embeddable":true,"href":"https:\/\/musikverein-1966-auerbach.de\/index.php?rest_route=%2Fwp%2Fv2%2Fcomments&post=165"}],"version-history":[{"count":1,"href":"https:\/\/musikverein-1966-auerbach.de\/index.php?rest_route=\/wp\/v2\/posts\/165\/revisions"}],"predecessor-version":[{"id":167,"href":"https:\/\/musikverein-1966-auerbach.de\/index.php?rest_route=\/wp\/v2\/posts\/165\/revisions\/167"}],"wp:attachment":[{"href":"https:\/\/musikverein-1966-auerbach.de\/index.php?rest_route=%2Fwp%2Fv2%2Fmedia&parent=165"}],"wp:term":[{"taxonomy":"category","embeddable":true,"href":"https:\/\/musikverein-1966-auerbach.de\/index.php?rest_route=%2Fwp%2Fv2%2Fcategories&post=165"},{"taxonomy":"post_tag","embeddable":true,"href":"https:\/\/musikverein-1966-auerbach.de\/index.php?rest_route=%2Fwp%2Fv2%2Ftags&post=165"}],"curies":[{"name":"wp","href":"https:\/\/api.w.org\/{rel}","templated":true}]}}